{"id":11629,"date":"2023-11-13T15:18:00","date_gmt":"2023-11-13T18:18:00","guid":{"rendered":"https:\/\/clustermultimedios.online\/?p=11629"},"modified":"2023-11-13T15:18:00","modified_gmt":"2023-11-13T18:18:00","slug":"cecim-milei-banalizo-la-muerte-de-634-soldados-tenemos-que-hacer-una-reflexion","status":"publish","type":"post","link":"https:\/\/clustermultimedios.online\/?p=11629","title":{"rendered":"CECIM: &#8220;Milei banaliz\u00f3 la muerte de 634 soldados, tenemos que hacer una reflexi\u00f3n&#8221;"},"content":{"rendered":"<p>El secretario de Derechos Humanos del Cecim La Plata y miembro de la Comisi\u00f3n Provincial por la Memoria, Ernesto Alonso, advirti\u00f3 que Javier Milei banaliz\u00f3 la muerte de 634 soldados al referirse a la Cuesti\u00f3n Malvinas. El comunicado oficial de la entidad con el llamado: &#8220;No a Milei&#8221;.<\/p>","protected":false},"excerpt":{"rendered":"<p>El secretario de Derechos Humanos del Cecim La Plata y miembro de la Comisi\u00f3n Provincial&#8230;<\/p>\n","protected":false},"author":0,"featured_media":11630,"comment_status":"open","ping_status":"open","sticky":false,"template":"","format":"standard","meta":{"_monsterinsights_skip_tracking":false,"_monsterinsights_sitenote_active":false,"_monsterinsights_sitenote_note":"","_monsterinsights_sitenote_category":0,"footnotes":""},"categories":[1],"tags":[],"class_list":["post-11629","post","type-post","status-publish","format-standard","has-post-thumbnail","hentry","category-blog"],"_links":{"self":[{"href":"https:\/\/clustermultimedios.online\/index.php?rest_route=\/wp\/v2\/posts\/11629","targetHints":{"allow":["GET"]}}],"collection":[{"href":"https:\/\/clustermultimedios.online\/index.php?rest_route=\/wp\/v2\/posts"}],"about":[{"href":"https:\/\/clustermultimedios.online\/index.php?rest_route=\/wp\/v2\/types\/post"}],"replies":[{"embeddable":true,"href":"https:\/\/clustermultimedios.online\/index.php?rest_route=%2Fwp%2Fv2%2Fcomments&post=11629"}],"version-history":[{"count":0,"href":"https:\/\/clustermultimedios.online\/index.php?rest_route=\/wp\/v2\/posts\/11629\/revisions"}],"wp:featuredmedia":[{"embeddable":true,"href":"https:\/\/clustermultimedios.online\/index.php?rest_route=\/wp\/v2\/media\/11630"}],"wp:attachment":[{"href":"https:\/\/clustermultimedios.online\/index.php?rest_route=%2Fwp%2Fv2%2Fmedia&parent=11629"}],"wp:term":[{"taxonomy":"category","embeddable":true,"href":"https:\/\/clustermultimedios.online\/index.php?rest_route=%2Fwp%2Fv2%2Fcategories&post=11629"},{"taxonomy":"post_tag","embeddable":true,"href":"https:\/\/clustermultimedios.online\/index.php?rest_route=%2Fwp%2Fv2%2Ftags&post=11629"}],"curies":[{"name":"wp","href":"https:\/\/api.w.org\/{rel}","templated":true}]}}