{"id":11637,"date":"2023-11-13T17:05:00","date_gmt":"2023-11-13T20:05:00","guid":{"rendered":"https:\/\/clustermultimedios.online\/?p=11637"},"modified":"2023-11-13T17:05:00","modified_gmt":"2023-11-13T20:05:00","slug":"la-ley-de-amnistia-extingue-delitos-de-dirigentes-y-militantes-del-independentismo-catalan","status":"publish","type":"post","link":"https:\/\/clustermultimedios.online\/?p=11637","title":{"rendered":"La Ley de Amnist\u00eda extingue delitos de dirigentes y militantes del independentismo catal\u00e1n"},"content":{"rendered":"<p>La medida incluir\u00eda al exvicepresidente de la Generalitat Oriol Junqueras y a los exconsellers Ra\u00fcl Romeva, Jordi Turull y Dolors Bassa y\u00a0a los independentistas huidos, Carles Puigdemont y a los exconsellers Toni Com\u00edn y Llu\u00eds Puig.<\/p>","protected":false},"excerpt":{"rendered":"<p>La medida incluir\u00eda al exvicepresidente de la Generalitat Oriol Junqueras y a los exconsellers Ra\u00fcl&#8230;<\/p>\n","protected":false},"author":0,"featured_media":11638,"comment_status":"open","ping_status":"open","sticky":false,"template":"","format":"standard","meta":{"_monsterinsights_skip_tracking":false,"_monsterinsights_sitenote_active":false,"_monsterinsights_sitenote_note":"","_monsterinsights_sitenote_category":0,"footnotes":""},"categories":[1],"tags":[],"class_list":["post-11637","post","type-post","status-publish","format-standard","has-post-thumbnail","hentry","category-blog"],"_links":{"self":[{"href":"https:\/\/clustermultimedios.online\/index.php?rest_route=\/wp\/v2\/posts\/11637","targetHints":{"allow":["GET"]}}],"collection":[{"href":"https:\/\/clustermultimedios.online\/index.php?rest_route=\/wp\/v2\/posts"}],"about":[{"href":"https:\/\/clustermultimedios.online\/index.php?rest_route=\/wp\/v2\/types\/post"}],"replies":[{"embeddable":true,"href":"https:\/\/clustermultimedios.online\/index.php?rest_route=%2Fwp%2Fv2%2Fcomments&post=11637"}],"version-history":[{"count":0,"href":"https:\/\/clustermultimedios.online\/index.php?rest_route=\/wp\/v2\/posts\/11637\/revisions"}],"wp:featuredmedia":[{"embeddable":true,"href":"https:\/\/clustermultimedios.online\/index.php?rest_route=\/wp\/v2\/media\/11638"}],"wp:attachment":[{"href":"https:\/\/clustermultimedios.online\/index.php?rest_route=%2Fwp%2Fv2%2Fmedia&parent=11637"}],"wp:term":[{"taxonomy":"category","embeddable":true,"href":"https:\/\/clustermultimedios.online\/index.php?rest_route=%2Fwp%2Fv2%2Fcategories&post=11637"},{"taxonomy":"post_tag","embeddable":true,"href":"https:\/\/clustermultimedios.online\/index.php?rest_route=%2Fwp%2Fv2%2Ftags&post=11637"}],"curies":[{"name":"wp","href":"https:\/\/api.w.org\/{rel}","templated":true}]}}