{"id":12286,"date":"2023-11-16T10:55:00","date_gmt":"2023-11-16T13:55:00","guid":{"rendered":"https:\/\/clustermultimedios.online\/?p=12286"},"modified":"2023-11-16T10:55:00","modified_gmt":"2023-11-16T13:55:00","slug":"avanza-una-medida-reparatoria-para-hijos-y-convivientes-de-excombatientes-de-malvinas","status":"publish","type":"post","link":"https:\/\/clustermultimedios.online\/?p=12286","title":{"rendered":"Avanza una medida reparatoria para hijos y convivientes de excombatientes de Malvinas"},"content":{"rendered":"<p>Se oficializ\u00f3 el decreto firmado por Alberto Fern\u00e1ndez a partir del cual dejar\u00e1 de regir el l\u00edmite de 18 a\u00f1os para los derechohabitantes de los veteranos de Malvinas para que puedan recibir las pensiones establecidas por ley.<\/p>","protected":false},"excerpt":{"rendered":"<p>Se oficializ\u00f3 el decreto firmado por Alberto Fern\u00e1ndez a partir del cual dejar\u00e1 de regir&#8230;<\/p>\n","protected":false},"author":0,"featured_media":12287,"comment_status":"open","ping_status":"open","sticky":false,"template":"","format":"standard","meta":{"_monsterinsights_skip_tracking":false,"_monsterinsights_sitenote_active":false,"_monsterinsights_sitenote_note":"","_monsterinsights_sitenote_category":0,"footnotes":""},"categories":[1],"tags":[],"class_list":["post-12286","post","type-post","status-publish","format-standard","has-post-thumbnail","hentry","category-blog"],"_links":{"self":[{"href":"https:\/\/clustermultimedios.online\/index.php?rest_route=\/wp\/v2\/posts\/12286","targetHints":{"allow":["GET"]}}],"collection":[{"href":"https:\/\/clustermultimedios.online\/index.php?rest_route=\/wp\/v2\/posts"}],"about":[{"href":"https:\/\/clustermultimedios.online\/index.php?rest_route=\/wp\/v2\/types\/post"}],"replies":[{"embeddable":true,"href":"https:\/\/clustermultimedios.online\/index.php?rest_route=%2Fwp%2Fv2%2Fcomments&post=12286"}],"version-history":[{"count":0,"href":"https:\/\/clustermultimedios.online\/index.php?rest_route=\/wp\/v2\/posts\/12286\/revisions"}],"wp:featuredmedia":[{"embeddable":true,"href":"https:\/\/clustermultimedios.online\/index.php?rest_route=\/wp\/v2\/media\/12287"}],"wp:attachment":[{"href":"https:\/\/clustermultimedios.online\/index.php?rest_route=%2Fwp%2Fv2%2Fmedia&parent=12286"}],"wp:term":[{"taxonomy":"category","embeddable":true,"href":"https:\/\/clustermultimedios.online\/index.php?rest_route=%2Fwp%2Fv2%2Fcategories&post=12286"},{"taxonomy":"post_tag","embeddable":true,"href":"https:\/\/clustermultimedios.online\/index.php?rest_route=%2Fwp%2Fv2%2Ftags&post=12286"}],"curies":[{"name":"wp","href":"https:\/\/api.w.org\/{rel}","templated":true}]}}