{"id":12397,"date":"2023-11-16T16:28:00","date_gmt":"2023-11-16T19:28:00","guid":{"rendered":"https:\/\/clustermultimedios.online\/?p=12397"},"modified":"2023-11-16T16:28:00","modified_gmt":"2023-11-16T19:28:00","slug":"desde-portugal-llega-la-nueva-edicion-del-festival-de-fado","status":"publish","type":"post","link":"https:\/\/clustermultimedios.online\/?p=12397","title":{"rendered":"Desde Portugal llega la nueva edici\u00f3n del Festival de Fado"},"content":{"rendered":"<p>El encuentro busca promover la cultura portuguesa a trav\u00e9s de\u00a017 ciudades de 13 pa\u00edses de Europa, Asia, \u00c1frica, y Latinoam\u00e9rica, con la actuaci\u00f3n de exponentes del g\u00e9nero, conferencias, pel\u00edculas y exposiciones representativas del fado. La 13\u00b0 edici\u00f3n del\u00a0Festival cuenta con la presencia de Cuca Roseta y Cristina Branco.<\/p>","protected":false},"excerpt":{"rendered":"<p>El encuentro busca promover la cultura portuguesa a trav\u00e9s de\u00a017 ciudades de 13 pa\u00edses de&#8230;<\/p>\n","protected":false},"author":0,"featured_media":12398,"comment_status":"open","ping_status":"open","sticky":false,"template":"","format":"standard","meta":{"_monsterinsights_skip_tracking":false,"_monsterinsights_sitenote_active":false,"_monsterinsights_sitenote_note":"","_monsterinsights_sitenote_category":0,"footnotes":""},"categories":[1],"tags":[],"class_list":["post-12397","post","type-post","status-publish","format-standard","has-post-thumbnail","hentry","category-blog"],"_links":{"self":[{"href":"https:\/\/clustermultimedios.online\/index.php?rest_route=\/wp\/v2\/posts\/12397","targetHints":{"allow":["GET"]}}],"collection":[{"href":"https:\/\/clustermultimedios.online\/index.php?rest_route=\/wp\/v2\/posts"}],"about":[{"href":"https:\/\/clustermultimedios.online\/index.php?rest_route=\/wp\/v2\/types\/post"}],"replies":[{"embeddable":true,"href":"https:\/\/clustermultimedios.online\/index.php?rest_route=%2Fwp%2Fv2%2Fcomments&post=12397"}],"version-history":[{"count":0,"href":"https:\/\/clustermultimedios.online\/index.php?rest_route=\/wp\/v2\/posts\/12397\/revisions"}],"wp:featuredmedia":[{"embeddable":true,"href":"https:\/\/clustermultimedios.online\/index.php?rest_route=\/wp\/v2\/media\/12398"}],"wp:attachment":[{"href":"https:\/\/clustermultimedios.online\/index.php?rest_route=%2Fwp%2Fv2%2Fmedia&parent=12397"}],"wp:term":[{"taxonomy":"category","embeddable":true,"href":"https:\/\/clustermultimedios.online\/index.php?rest_route=%2Fwp%2Fv2%2Fcategories&post=12397"},{"taxonomy":"post_tag","embeddable":true,"href":"https:\/\/clustermultimedios.online\/index.php?rest_route=%2Fwp%2Fv2%2Ftags&post=12397"}],"curies":[{"name":"wp","href":"https:\/\/api.w.org\/{rel}","templated":true}]}}