{"id":12858,"date":"2023-11-18T14:30:00","date_gmt":"2023-11-18T17:30:00","guid":{"rendered":"https:\/\/clustermultimedios.online\/?p=12858"},"modified":"2023-11-18T14:30:00","modified_gmt":"2023-11-18T17:30:00","slug":"francisco-analizo-el-conflicto-en-medio-oriente-con-el-presidente-de-irak","status":"publish","type":"post","link":"https:\/\/clustermultimedios.online\/?p=12858","title":{"rendered":"Francisco analiz\u00f3 el conflicto en Medio Oriente con el presidente de Irak"},"content":{"rendered":"<p>En una reuni\u00f3n de 25 minutos, el Pont\u00edfice y Abdul Latif Jamal Rashid dialogaron sobre el\u00a0conflicto en Israel y Palestina\u00a0y tambi\u00e9n trataron la situaci\u00f3n de los cristianos en el pa\u00eds \u00e1rabe que el Papa visit\u00f3 en marzo de 2021, entre otros temas internacionales.<\/p>","protected":false},"excerpt":{"rendered":"<p>En una reuni\u00f3n de 25 minutos, el Pont\u00edfice y Abdul Latif Jamal Rashid dialogaron sobre&#8230;<\/p>\n","protected":false},"author":0,"featured_media":12859,"comment_status":"open","ping_status":"open","sticky":false,"template":"","format":"standard","meta":{"_monsterinsights_skip_tracking":false,"_monsterinsights_sitenote_active":false,"_monsterinsights_sitenote_note":"","_monsterinsights_sitenote_category":0,"footnotes":""},"categories":[1],"tags":[],"class_list":["post-12858","post","type-post","status-publish","format-standard","has-post-thumbnail","hentry","category-blog"],"_links":{"self":[{"href":"https:\/\/clustermultimedios.online\/index.php?rest_route=\/wp\/v2\/posts\/12858","targetHints":{"allow":["GET"]}}],"collection":[{"href":"https:\/\/clustermultimedios.online\/index.php?rest_route=\/wp\/v2\/posts"}],"about":[{"href":"https:\/\/clustermultimedios.online\/index.php?rest_route=\/wp\/v2\/types\/post"}],"replies":[{"embeddable":true,"href":"https:\/\/clustermultimedios.online\/index.php?rest_route=%2Fwp%2Fv2%2Fcomments&post=12858"}],"version-history":[{"count":0,"href":"https:\/\/clustermultimedios.online\/index.php?rest_route=\/wp\/v2\/posts\/12858\/revisions"}],"wp:featuredmedia":[{"embeddable":true,"href":"https:\/\/clustermultimedios.online\/index.php?rest_route=\/wp\/v2\/media\/12859"}],"wp:attachment":[{"href":"https:\/\/clustermultimedios.online\/index.php?rest_route=%2Fwp%2Fv2%2Fmedia&parent=12858"}],"wp:term":[{"taxonomy":"category","embeddable":true,"href":"https:\/\/clustermultimedios.online\/index.php?rest_route=%2Fwp%2Fv2%2Fcategories&post=12858"},{"taxonomy":"post_tag","embeddable":true,"href":"https:\/\/clustermultimedios.online\/index.php?rest_route=%2Fwp%2Fv2%2Ftags&post=12858"}],"curies":[{"name":"wp","href":"https:\/\/api.w.org\/{rel}","templated":true}]}}