{"id":12944,"date":"2023-11-18T20:52:00","date_gmt":"2023-11-18T23:52:00","guid":{"rendered":"https:\/\/clustermultimedios.online\/?p=12944"},"modified":"2023-11-18T20:52:00","modified_gmt":"2023-11-18T23:52:00","slug":"el-pp-y-vox-convocaron-a-miles-de-espanoles-para-rechazar-la-amnistia-a-lideres-catalanes","status":"publish","type":"post","link":"https:\/\/clustermultimedios.online\/?p=12944","title":{"rendered":"El PP y Vox convocaron a miles de espa\u00f1oles para rechazar la amnist\u00eda a l\u00edderes catalanes"},"content":{"rendered":"<p>Pedro S\u00e1nchez, que obtuvo el segundo puesto en las elecciones legislativas del 23, consigui\u00f3 el jueves ser investido en el Congreso como presidente del Gobierno tras obtener el apoyo de la izquierda y de los partidos independentistas y nacionalistas de Catalu\u00f1a y el Pa\u00eds Vasco.<\/p>","protected":false},"excerpt":{"rendered":"<p>Pedro S\u00e1nchez, que obtuvo el segundo puesto en las elecciones legislativas del 23, consigui\u00f3 el&#8230;<\/p>\n","protected":false},"author":0,"featured_media":12945,"comment_status":"open","ping_status":"open","sticky":false,"template":"","format":"standard","meta":{"_monsterinsights_skip_tracking":false,"_monsterinsights_sitenote_active":false,"_monsterinsights_sitenote_note":"","_monsterinsights_sitenote_category":0,"footnotes":""},"categories":[1],"tags":[],"class_list":["post-12944","post","type-post","status-publish","format-standard","has-post-thumbnail","hentry","category-blog"],"_links":{"self":[{"href":"https:\/\/clustermultimedios.online\/index.php?rest_route=\/wp\/v2\/posts\/12944","targetHints":{"allow":["GET"]}}],"collection":[{"href":"https:\/\/clustermultimedios.online\/index.php?rest_route=\/wp\/v2\/posts"}],"about":[{"href":"https:\/\/clustermultimedios.online\/index.php?rest_route=\/wp\/v2\/types\/post"}],"replies":[{"embeddable":true,"href":"https:\/\/clustermultimedios.online\/index.php?rest_route=%2Fwp%2Fv2%2Fcomments&post=12944"}],"version-history":[{"count":0,"href":"https:\/\/clustermultimedios.online\/index.php?rest_route=\/wp\/v2\/posts\/12944\/revisions"}],"wp:featuredmedia":[{"embeddable":true,"href":"https:\/\/clustermultimedios.online\/index.php?rest_route=\/wp\/v2\/media\/12945"}],"wp:attachment":[{"href":"https:\/\/clustermultimedios.online\/index.php?rest_route=%2Fwp%2Fv2%2Fmedia&parent=12944"}],"wp:term":[{"taxonomy":"category","embeddable":true,"href":"https:\/\/clustermultimedios.online\/index.php?rest_route=%2Fwp%2Fv2%2Fcategories&post=12944"},{"taxonomy":"post_tag","embeddable":true,"href":"https:\/\/clustermultimedios.online\/index.php?rest_route=%2Fwp%2Fv2%2Ftags&post=12944"}],"curies":[{"name":"wp","href":"https:\/\/api.w.org\/{rel}","templated":true}]}}