{"id":12973,"date":"2023-11-18T23:55:00","date_gmt":"2023-11-19T02:55:00","guid":{"rendered":"https:\/\/clustermultimedios.online\/?p=12973"},"modified":"2023-11-18T23:55:00","modified_gmt":"2023-11-19T02:55:00","slug":"rodrigo-de-la-serna-y-el-rapto-premiadas-en-el-festival-de-cine-de-huelva","status":"publish","type":"post","link":"https:\/\/clustermultimedios.online\/?p=12973","title":{"rendered":"Rodrigo de la Serna y &#8220;El rapto&#8221;, premiadas en el Festival de cine de Huelva"},"content":{"rendered":"<p>El actor argentino se llev\u00f3 este s\u00e1bado el galard\u00f3n a la Mejor Interpretaci\u00f3n en el Festival de Cine Iberoamericano, por su rol en &#8220;El rapto&#8221;, de Daniela Goggi, que tambi\u00e9n fue premiada por la Asociaci\u00f3n Periodistas Iberoamericanos de Cine.<\/p>\n<p><\/p>","protected":false},"excerpt":{"rendered":"<p>El actor argentino se llev\u00f3 este s\u00e1bado el galard\u00f3n a la Mejor Interpretaci\u00f3n en el&#8230;<\/p>\n","protected":false},"author":0,"featured_media":12974,"comment_status":"open","ping_status":"open","sticky":false,"template":"","format":"standard","meta":{"_monsterinsights_skip_tracking":false,"_monsterinsights_sitenote_active":false,"_monsterinsights_sitenote_note":"","_monsterinsights_sitenote_category":0,"footnotes":""},"categories":[1],"tags":[],"class_list":["post-12973","post","type-post","status-publish","format-standard","has-post-thumbnail","hentry","category-blog"],"_links":{"self":[{"href":"https:\/\/clustermultimedios.online\/index.php?rest_route=\/wp\/v2\/posts\/12973","targetHints":{"allow":["GET"]}}],"collection":[{"href":"https:\/\/clustermultimedios.online\/index.php?rest_route=\/wp\/v2\/posts"}],"about":[{"href":"https:\/\/clustermultimedios.online\/index.php?rest_route=\/wp\/v2\/types\/post"}],"replies":[{"embeddable":true,"href":"https:\/\/clustermultimedios.online\/index.php?rest_route=%2Fwp%2Fv2%2Fcomments&post=12973"}],"version-history":[{"count":0,"href":"https:\/\/clustermultimedios.online\/index.php?rest_route=\/wp\/v2\/posts\/12973\/revisions"}],"wp:featuredmedia":[{"embeddable":true,"href":"https:\/\/clustermultimedios.online\/index.php?rest_route=\/wp\/v2\/media\/12974"}],"wp:attachment":[{"href":"https:\/\/clustermultimedios.online\/index.php?rest_route=%2Fwp%2Fv2%2Fmedia&parent=12973"}],"wp:term":[{"taxonomy":"category","embeddable":true,"href":"https:\/\/clustermultimedios.online\/index.php?rest_route=%2Fwp%2Fv2%2Fcategories&post=12973"},{"taxonomy":"post_tag","embeddable":true,"href":"https:\/\/clustermultimedios.online\/index.php?rest_route=%2Fwp%2Fv2%2Ftags&post=12973"}],"curies":[{"name":"wp","href":"https:\/\/api.w.org\/{rel}","templated":true}]}}