{"id":13420,"date":"2023-11-20T21:45:00","date_gmt":"2023-11-21T00:45:00","guid":{"rendered":"https:\/\/clustermultimedios.online\/?p=13420"},"modified":"2023-11-20T21:45:00","modified_gmt":"2023-11-21T00:45:00","slug":"lula-no-estara-en-la-asuncion-de-milei-porque-se-sintio-personalmente-ofendido","status":"publish","type":"post","link":"https:\/\/clustermultimedios.online\/?p=13420","title":{"rendered":"Lula no estar\u00e1 en la asunci\u00f3n de Milei porque se sinti\u00f3 &#8220;personalmente ofendido&#8221;"},"content":{"rendered":"<p>As\u00ed lo inform\u00f3 el\u00a0asesor especial de asuntos internacionales brasile\u00f1o, Celso Amorim. &#8220;El Estado brasile\u00f1o estar\u00e1 representado&#8221;, indic\u00f3.<\/p>","protected":false},"excerpt":{"rendered":"<p>As\u00ed lo inform\u00f3 el\u00a0asesor especial de asuntos internacionales brasile\u00f1o, Celso Amorim. &#8220;El Estado brasile\u00f1o estar\u00e1&#8230;<\/p>\n","protected":false},"author":0,"featured_media":13421,"comment_status":"open","ping_status":"open","sticky":false,"template":"","format":"standard","meta":{"_monsterinsights_skip_tracking":false,"_monsterinsights_sitenote_active":false,"_monsterinsights_sitenote_note":"","_monsterinsights_sitenote_category":0,"footnotes":""},"categories":[1],"tags":[],"class_list":["post-13420","post","type-post","status-publish","format-standard","has-post-thumbnail","hentry","category-blog"],"_links":{"self":[{"href":"https:\/\/clustermultimedios.online\/index.php?rest_route=\/wp\/v2\/posts\/13420","targetHints":{"allow":["GET"]}}],"collection":[{"href":"https:\/\/clustermultimedios.online\/index.php?rest_route=\/wp\/v2\/posts"}],"about":[{"href":"https:\/\/clustermultimedios.online\/index.php?rest_route=\/wp\/v2\/types\/post"}],"replies":[{"embeddable":true,"href":"https:\/\/clustermultimedios.online\/index.php?rest_route=%2Fwp%2Fv2%2Fcomments&post=13420"}],"version-history":[{"count":0,"href":"https:\/\/clustermultimedios.online\/index.php?rest_route=\/wp\/v2\/posts\/13420\/revisions"}],"wp:featuredmedia":[{"embeddable":true,"href":"https:\/\/clustermultimedios.online\/index.php?rest_route=\/wp\/v2\/media\/13421"}],"wp:attachment":[{"href":"https:\/\/clustermultimedios.online\/index.php?rest_route=%2Fwp%2Fv2%2Fmedia&parent=13420"}],"wp:term":[{"taxonomy":"category","embeddable":true,"href":"https:\/\/clustermultimedios.online\/index.php?rest_route=%2Fwp%2Fv2%2Fcategories&post=13420"},{"taxonomy":"post_tag","embeddable":true,"href":"https:\/\/clustermultimedios.online\/index.php?rest_route=%2Fwp%2Fv2%2Ftags&post=13420"}],"curies":[{"name":"wp","href":"https:\/\/api.w.org\/{rel}","templated":true}]}}