{"id":13467,"date":"2023-11-21T00:47:00","date_gmt":"2023-11-21T03:47:00","guid":{"rendered":"https:\/\/clustermultimedios.online\/?p=13467"},"modified":"2023-11-21T00:47:00","modified_gmt":"2023-11-21T03:47:00","slug":"bullrich-aseguro-que-es-posible-que-la-libertad-avanza-llame-a-jxc-para-el-gobierno","status":"publish","type":"post","link":"https:\/\/clustermultimedios.online\/?p=13467","title":{"rendered":"Bullrich asegur\u00f3 que &#8220;es posible que La Libertad Avanza llame&#8221; a JxC para el gobierno"},"content":{"rendered":"<p>La titular del PRO remarc\u00f3 que\u00a0&#8220;cualquier tipo de decisi\u00f3n se toma en conjunto&#8221; entre las dos fuerzas pol\u00edticas pero aclar\u00f3 que ser\u00e1 Milei quien &#8220;arme su gabinete&#8221;.<\/p>","protected":false},"excerpt":{"rendered":"<p>La titular del PRO remarc\u00f3 que\u00a0&#8220;cualquier tipo de decisi\u00f3n se toma en conjunto&#8221; entre las&#8230;<\/p>\n","protected":false},"author":0,"featured_media":13468,"comment_status":"open","ping_status":"open","sticky":false,"template":"","format":"standard","meta":{"_monsterinsights_skip_tracking":false,"_monsterinsights_sitenote_active":false,"_monsterinsights_sitenote_note":"","_monsterinsights_sitenote_category":0,"footnotes":""},"categories":[1],"tags":[],"class_list":["post-13467","post","type-post","status-publish","format-standard","has-post-thumbnail","hentry","category-blog"],"_links":{"self":[{"href":"https:\/\/clustermultimedios.online\/index.php?rest_route=\/wp\/v2\/posts\/13467","targetHints":{"allow":["GET"]}}],"collection":[{"href":"https:\/\/clustermultimedios.online\/index.php?rest_route=\/wp\/v2\/posts"}],"about":[{"href":"https:\/\/clustermultimedios.online\/index.php?rest_route=\/wp\/v2\/types\/post"}],"replies":[{"embeddable":true,"href":"https:\/\/clustermultimedios.online\/index.php?rest_route=%2Fwp%2Fv2%2Fcomments&post=13467"}],"version-history":[{"count":0,"href":"https:\/\/clustermultimedios.online\/index.php?rest_route=\/wp\/v2\/posts\/13467\/revisions"}],"wp:featuredmedia":[{"embeddable":true,"href":"https:\/\/clustermultimedios.online\/index.php?rest_route=\/wp\/v2\/media\/13468"}],"wp:attachment":[{"href":"https:\/\/clustermultimedios.online\/index.php?rest_route=%2Fwp%2Fv2%2Fmedia&parent=13467"}],"wp:term":[{"taxonomy":"category","embeddable":true,"href":"https:\/\/clustermultimedios.online\/index.php?rest_route=%2Fwp%2Fv2%2Fcategories&post=13467"},{"taxonomy":"post_tag","embeddable":true,"href":"https:\/\/clustermultimedios.online\/index.php?rest_route=%2Fwp%2Fv2%2Ftags&post=13467"}],"curies":[{"name":"wp","href":"https:\/\/api.w.org\/{rel}","templated":true}]}}