{"id":13469,"date":"2023-11-21T00:46:00","date_gmt":"2023-11-21T03:46:00","guid":{"rendered":"https:\/\/clustermultimedios.online\/?p=13469"},"modified":"2023-11-21T00:46:00","modified_gmt":"2023-11-21T03:46:00","slug":"titulares-de-medios-publicos-contra-la-postura-de-milei-sobre-la-privatizacion","status":"publish","type":"post","link":"https:\/\/clustermultimedios.online\/?p=13469","title":{"rendered":"Titulares de medios p\u00fablicos contra la postura de Milei sobre la privatizaci\u00f3n"},"content":{"rendered":"<p>La titular de Radio y Televisi\u00f3n Argentina, Rosario Lufrano; la titular de la agencia T\u00e9lam, Bernarda Llorente; la gerenta general de Contenidos P\u00fablicos, J\u00e9sica Tritten resaltaron que &#8220;los medios p\u00fablicos son esenciales para el fortalecimiento de la vida democr\u00e1tica, la libre expresi\u00f3n, la diversidad de voces y la construcci\u00f3n ciudadana&#8221;. Tambi\u00e9n suscribieron el director de Radio Nacional, Alejandro Pont Lezica; y el de la TV P\u00fablica, Claudio Mart\u00ednez.<\/p>","protected":false},"excerpt":{"rendered":"<p>La titular de Radio y Televisi\u00f3n Argentina, Rosario Lufrano; la titular de la agencia T\u00e9lam,&#8230;<\/p>\n","protected":false},"author":0,"featured_media":13470,"comment_status":"open","ping_status":"open","sticky":false,"template":"","format":"standard","meta":{"_monsterinsights_skip_tracking":false,"_monsterinsights_sitenote_active":false,"_monsterinsights_sitenote_note":"","_monsterinsights_sitenote_category":0,"footnotes":""},"categories":[1],"tags":[],"class_list":["post-13469","post","type-post","status-publish","format-standard","has-post-thumbnail","hentry","category-blog"],"_links":{"self":[{"href":"https:\/\/clustermultimedios.online\/index.php?rest_route=\/wp\/v2\/posts\/13469","targetHints":{"allow":["GET"]}}],"collection":[{"href":"https:\/\/clustermultimedios.online\/index.php?rest_route=\/wp\/v2\/posts"}],"about":[{"href":"https:\/\/clustermultimedios.online\/index.php?rest_route=\/wp\/v2\/types\/post"}],"replies":[{"embeddable":true,"href":"https:\/\/clustermultimedios.online\/index.php?rest_route=%2Fwp%2Fv2%2Fcomments&post=13469"}],"version-history":[{"count":0,"href":"https:\/\/clustermultimedios.online\/index.php?rest_route=\/wp\/v2\/posts\/13469\/revisions"}],"wp:featuredmedia":[{"embeddable":true,"href":"https:\/\/clustermultimedios.online\/index.php?rest_route=\/wp\/v2\/media\/13470"}],"wp:attachment":[{"href":"https:\/\/clustermultimedios.online\/index.php?rest_route=%2Fwp%2Fv2%2Fmedia&parent=13469"}],"wp:term":[{"taxonomy":"category","embeddable":true,"href":"https:\/\/clustermultimedios.online\/index.php?rest_route=%2Fwp%2Fv2%2Fcategories&post=13469"},{"taxonomy":"post_tag","embeddable":true,"href":"https:\/\/clustermultimedios.online\/index.php?rest_route=%2Fwp%2Fv2%2Ftags&post=13469"}],"curies":[{"name":"wp","href":"https:\/\/api.w.org\/{rel}","templated":true}]}}