{"id":13585,"date":"2023-11-21T17:25:00","date_gmt":"2023-11-21T20:25:00","guid":{"rendered":"https:\/\/clustermultimedios.online\/?p=13585"},"modified":"2023-11-21T17:25:00","modified_gmt":"2023-11-21T20:25:00","slug":"polo-obrero-hara-un-plenario-piquetero-contra-el-ajuste-y-movilizara-a-plaza-de-mayo","status":"publish","type":"post","link":"https:\/\/clustermultimedios.online\/?p=13585","title":{"rendered":"Polo Obrero har\u00e1 un plenario piquetero &#8220;contra el ajuste&#8221; y movilizar\u00e1 a Plaza de Mayo"},"content":{"rendered":"<p>&#8220;Al ajuste que se viene claramente debemos enfrentarlo con la organizaci\u00f3n y lucha de los trabajadores. Vamos a movilizarnos a Plaza de Mayo donde, como todos los jueves hace m\u00e1s de cuarenta a\u00f1os, se re\u00fanen las Madres de Plaza de Mayo y vamos a abrazarlas&#8221;, destac\u00f3 el dirigente de la organizaci\u00f3n.\u00a0<\/p>","protected":false},"excerpt":{"rendered":"<p>&#8220;Al ajuste que se viene claramente debemos enfrentarlo con la organizaci\u00f3n y lucha de los&#8230;<\/p>\n","protected":false},"author":0,"featured_media":13586,"comment_status":"open","ping_status":"open","sticky":false,"template":"","format":"standard","meta":{"_monsterinsights_skip_tracking":false,"_monsterinsights_sitenote_active":false,"_monsterinsights_sitenote_note":"","_monsterinsights_sitenote_category":0,"footnotes":""},"categories":[1],"tags":[],"class_list":["post-13585","post","type-post","status-publish","format-standard","has-post-thumbnail","hentry","category-blog"],"_links":{"self":[{"href":"https:\/\/clustermultimedios.online\/index.php?rest_route=\/wp\/v2\/posts\/13585","targetHints":{"allow":["GET"]}}],"collection":[{"href":"https:\/\/clustermultimedios.online\/index.php?rest_route=\/wp\/v2\/posts"}],"about":[{"href":"https:\/\/clustermultimedios.online\/index.php?rest_route=\/wp\/v2\/types\/post"}],"replies":[{"embeddable":true,"href":"https:\/\/clustermultimedios.online\/index.php?rest_route=%2Fwp%2Fv2%2Fcomments&post=13585"}],"version-history":[{"count":0,"href":"https:\/\/clustermultimedios.online\/index.php?rest_route=\/wp\/v2\/posts\/13585\/revisions"}],"wp:featuredmedia":[{"embeddable":true,"href":"https:\/\/clustermultimedios.online\/index.php?rest_route=\/wp\/v2\/media\/13586"}],"wp:attachment":[{"href":"https:\/\/clustermultimedios.online\/index.php?rest_route=%2Fwp%2Fv2%2Fmedia&parent=13585"}],"wp:term":[{"taxonomy":"category","embeddable":true,"href":"https:\/\/clustermultimedios.online\/index.php?rest_route=%2Fwp%2Fv2%2Fcategories&post=13585"},{"taxonomy":"post_tag","embeddable":true,"href":"https:\/\/clustermultimedios.online\/index.php?rest_route=%2Fwp%2Fv2%2Ftags&post=13585"}],"curies":[{"name":"wp","href":"https:\/\/api.w.org\/{rel}","templated":true}]}}