{"id":13602,"date":"2023-11-21T18:33:00","date_gmt":"2023-11-21T21:33:00","guid":{"rendered":"https:\/\/clustermultimedios.online\/?p=13602"},"modified":"2023-11-21T18:33:00","modified_gmt":"2023-11-21T21:33:00","slug":"mas-de-27-000-personas-con-discapacidad-recibieron-formacion-para-su-inclusion-laboral","status":"publish","type":"post","link":"https:\/\/clustermultimedios.online\/?p=13602","title":{"rendered":"M\u00e1s de 27.000 personas con discapacidad recibieron &#8220;formaci\u00f3n para su inclusi\u00f3n laboral&#8221;"},"content":{"rendered":"<p>Funcionarios y beneficiarios de estas iniciativas remarcaron la necesidad de &#8220;seguir profundizando la inclusi\u00f3n&#8221; y\u00a0destacaron a la &#8220;accesibilidad, el compromiso y las capacitaciones&#8221; como ejes fundamentales para lograr una integraci\u00f3n &#8220;exitosa&#8221;.<\/p>","protected":false},"excerpt":{"rendered":"<p>Funcionarios y beneficiarios de estas iniciativas remarcaron la necesidad de &#8220;seguir profundizando la inclusi\u00f3n&#8221; y\u00a0destacaron&#8230;<\/p>\n","protected":false},"author":0,"featured_media":13603,"comment_status":"open","ping_status":"open","sticky":false,"template":"","format":"standard","meta":{"_monsterinsights_skip_tracking":false,"_monsterinsights_sitenote_active":false,"_monsterinsights_sitenote_note":"","_monsterinsights_sitenote_category":0,"footnotes":""},"categories":[1],"tags":[],"class_list":["post-13602","post","type-post","status-publish","format-standard","has-post-thumbnail","hentry","category-blog"],"_links":{"self":[{"href":"https:\/\/clustermultimedios.online\/index.php?rest_route=\/wp\/v2\/posts\/13602","targetHints":{"allow":["GET"]}}],"collection":[{"href":"https:\/\/clustermultimedios.online\/index.php?rest_route=\/wp\/v2\/posts"}],"about":[{"href":"https:\/\/clustermultimedios.online\/index.php?rest_route=\/wp\/v2\/types\/post"}],"replies":[{"embeddable":true,"href":"https:\/\/clustermultimedios.online\/index.php?rest_route=%2Fwp%2Fv2%2Fcomments&post=13602"}],"version-history":[{"count":0,"href":"https:\/\/clustermultimedios.online\/index.php?rest_route=\/wp\/v2\/posts\/13602\/revisions"}],"wp:featuredmedia":[{"embeddable":true,"href":"https:\/\/clustermultimedios.online\/index.php?rest_route=\/wp\/v2\/media\/13603"}],"wp:attachment":[{"href":"https:\/\/clustermultimedios.online\/index.php?rest_route=%2Fwp%2Fv2%2Fmedia&parent=13602"}],"wp:term":[{"taxonomy":"category","embeddable":true,"href":"https:\/\/clustermultimedios.online\/index.php?rest_route=%2Fwp%2Fv2%2Fcategories&post=13602"},{"taxonomy":"post_tag","embeddable":true,"href":"https:\/\/clustermultimedios.online\/index.php?rest_route=%2Fwp%2Fv2%2Ftags&post=13602"}],"curies":[{"name":"wp","href":"https:\/\/api.w.org\/{rel}","templated":true}]}}