{"id":13798,"date":"2023-11-22T14:34:00","date_gmt":"2023-11-22T17:34:00","guid":{"rendered":"https:\/\/clustermultimedios.online\/?p=13798"},"modified":"2023-11-22T14:34:00","modified_gmt":"2023-11-22T17:34:00","slug":"alejando-topo-rodriguez-confirmo-que-se-ira-del-interbloque-federal","status":"publish","type":"post","link":"https:\/\/clustermultimedios.online\/?p=13798","title":{"rendered":"Alejando &#8220;Topo&#8221; Rodr\u00edguez confirm\u00f3 que se ir\u00e1 del Interbloque Federal"},"content":{"rendered":"<p>&#8220;El &#039;macrimile\u00edsmo va a gobernar la Argentina a partir del 10 de diciembre&#8221;, resumi\u00f3 el diputado bonaerense en referencia al acuerdo del expresidente Mauricio Macri con el referente de La Libertad Avanza, Javier Milei.<\/p>","protected":false},"excerpt":{"rendered":"<p>&#8220;El &#039;macrimile\u00edsmo va a gobernar la Argentina a partir del 10 de diciembre&#8221;, resumi\u00f3 el&#8230;<\/p>\n","protected":false},"author":0,"featured_media":13799,"comment_status":"open","ping_status":"open","sticky":false,"template":"","format":"standard","meta":{"_monsterinsights_skip_tracking":false,"_monsterinsights_sitenote_active":false,"_monsterinsights_sitenote_note":"","_monsterinsights_sitenote_category":0,"footnotes":""},"categories":[1],"tags":[],"class_list":["post-13798","post","type-post","status-publish","format-standard","has-post-thumbnail","hentry","category-blog"],"_links":{"self":[{"href":"https:\/\/clustermultimedios.online\/index.php?rest_route=\/wp\/v2\/posts\/13798","targetHints":{"allow":["GET"]}}],"collection":[{"href":"https:\/\/clustermultimedios.online\/index.php?rest_route=\/wp\/v2\/posts"}],"about":[{"href":"https:\/\/clustermultimedios.online\/index.php?rest_route=\/wp\/v2\/types\/post"}],"replies":[{"embeddable":true,"href":"https:\/\/clustermultimedios.online\/index.php?rest_route=%2Fwp%2Fv2%2Fcomments&post=13798"}],"version-history":[{"count":0,"href":"https:\/\/clustermultimedios.online\/index.php?rest_route=\/wp\/v2\/posts\/13798\/revisions"}],"wp:featuredmedia":[{"embeddable":true,"href":"https:\/\/clustermultimedios.online\/index.php?rest_route=\/wp\/v2\/media\/13799"}],"wp:attachment":[{"href":"https:\/\/clustermultimedios.online\/index.php?rest_route=%2Fwp%2Fv2%2Fmedia&parent=13798"}],"wp:term":[{"taxonomy":"category","embeddable":true,"href":"https:\/\/clustermultimedios.online\/index.php?rest_route=%2Fwp%2Fv2%2Fcategories&post=13798"},{"taxonomy":"post_tag","embeddable":true,"href":"https:\/\/clustermultimedios.online\/index.php?rest_route=%2Fwp%2Fv2%2Ftags&post=13798"}],"curies":[{"name":"wp","href":"https:\/\/api.w.org\/{rel}","templated":true}]}}