{"id":14768,"date":"2023-11-27T10:23:00","date_gmt":"2023-11-27T13:23:00","guid":{"rendered":"https:\/\/clustermultimedios.online\/?p=14768"},"modified":"2023-11-27T10:23:00","modified_gmt":"2023-11-27T13:23:00","slug":"francisco-reduce-parte-de-su-agenda-por-una-inflamacion-pulmonar-que-trata-con-antibioticos","status":"publish","type":"post","link":"https:\/\/clustermultimedios.online\/?p=14768","title":{"rendered":"Francisco reduce parte de su agenda por una inflamaci\u00f3n pulmonar que trata con antibi\u00f3ticos"},"content":{"rendered":"<p>El Papa, de 86 a\u00f1os, sufre una inflamaci\u00f3n pulmonar aunque sus condiciones &#8220;son buenas y estables, sin fiebre&#8221; con una &#8220;condici\u00f3n respiratoria en neta mejor\u00eda&#8221;.<\/p>","protected":false},"excerpt":{"rendered":"<p>El Papa, de 86 a\u00f1os, sufre una inflamaci\u00f3n pulmonar aunque sus condiciones &#8220;son buenas y&#8230;<\/p>\n","protected":false},"author":0,"featured_media":14769,"comment_status":"open","ping_status":"open","sticky":false,"template":"","format":"standard","meta":{"_monsterinsights_skip_tracking":false,"_monsterinsights_sitenote_active":false,"_monsterinsights_sitenote_note":"","_monsterinsights_sitenote_category":0,"footnotes":""},"categories":[1],"tags":[],"class_list":["post-14768","post","type-post","status-publish","format-standard","has-post-thumbnail","hentry","category-blog"],"_links":{"self":[{"href":"https:\/\/clustermultimedios.online\/index.php?rest_route=\/wp\/v2\/posts\/14768","targetHints":{"allow":["GET"]}}],"collection":[{"href":"https:\/\/clustermultimedios.online\/index.php?rest_route=\/wp\/v2\/posts"}],"about":[{"href":"https:\/\/clustermultimedios.online\/index.php?rest_route=\/wp\/v2\/types\/post"}],"replies":[{"embeddable":true,"href":"https:\/\/clustermultimedios.online\/index.php?rest_route=%2Fwp%2Fv2%2Fcomments&post=14768"}],"version-history":[{"count":0,"href":"https:\/\/clustermultimedios.online\/index.php?rest_route=\/wp\/v2\/posts\/14768\/revisions"}],"wp:featuredmedia":[{"embeddable":true,"href":"https:\/\/clustermultimedios.online\/index.php?rest_route=\/wp\/v2\/media\/14769"}],"wp:attachment":[{"href":"https:\/\/clustermultimedios.online\/index.php?rest_route=%2Fwp%2Fv2%2Fmedia&parent=14768"}],"wp:term":[{"taxonomy":"category","embeddable":true,"href":"https:\/\/clustermultimedios.online\/index.php?rest_route=%2Fwp%2Fv2%2Fcategories&post=14768"},{"taxonomy":"post_tag","embeddable":true,"href":"https:\/\/clustermultimedios.online\/index.php?rest_route=%2Fwp%2Fv2%2Ftags&post=14768"}],"curies":[{"name":"wp","href":"https:\/\/api.w.org\/{rel}","templated":true}]}}