{"id":14858,"date":"2023-11-27T17:26:00","date_gmt":"2023-11-27T20:26:00","guid":{"rendered":"https:\/\/clustermultimedios.online\/?p=14858"},"modified":"2023-11-27T17:26:00","modified_gmt":"2023-11-27T20:26:00","slug":"los-gobernadores-del-pj-se-reunen-para-fijar-posicion-ante-la-presidencia-de-milei","status":"publish","type":"post","link":"https:\/\/clustermultimedios.online\/?p=14858","title":{"rendered":"Los gobernadores del PJ se re\u00fanen para fijar posici\u00f3n ante la presidencia de Milei"},"content":{"rendered":"<p>La cita es este martes a las 13 en la sede porte\u00f1a del Banco Provincia, donde concurrir\u00e1n los jefes provinciales del PJ -nueve gobernadores m\u00e1s dos de espacios aliados-.\u00a0Que el nuevo lugar elegido sea la filial del Bapro le otorga protagonismo a Kicillof, uno de los posibles referentes de la oposici\u00f3n para el ciclo pol\u00edtico que se avecina.<\/p>","protected":false},"excerpt":{"rendered":"<p>La cita es este martes a las 13 en la sede porte\u00f1a del Banco Provincia,&#8230;<\/p>\n","protected":false},"author":0,"featured_media":14859,"comment_status":"open","ping_status":"open","sticky":false,"template":"","format":"standard","meta":{"_monsterinsights_skip_tracking":false,"_monsterinsights_sitenote_active":false,"_monsterinsights_sitenote_note":"","_monsterinsights_sitenote_category":0,"footnotes":""},"categories":[1],"tags":[],"class_list":["post-14858","post","type-post","status-publish","format-standard","has-post-thumbnail","hentry","category-blog"],"_links":{"self":[{"href":"https:\/\/clustermultimedios.online\/index.php?rest_route=\/wp\/v2\/posts\/14858","targetHints":{"allow":["GET"]}}],"collection":[{"href":"https:\/\/clustermultimedios.online\/index.php?rest_route=\/wp\/v2\/posts"}],"about":[{"href":"https:\/\/clustermultimedios.online\/index.php?rest_route=\/wp\/v2\/types\/post"}],"replies":[{"embeddable":true,"href":"https:\/\/clustermultimedios.online\/index.php?rest_route=%2Fwp%2Fv2%2Fcomments&post=14858"}],"version-history":[{"count":0,"href":"https:\/\/clustermultimedios.online\/index.php?rest_route=\/wp\/v2\/posts\/14858\/revisions"}],"wp:featuredmedia":[{"embeddable":true,"href":"https:\/\/clustermultimedios.online\/index.php?rest_route=\/wp\/v2\/media\/14859"}],"wp:attachment":[{"href":"https:\/\/clustermultimedios.online\/index.php?rest_route=%2Fwp%2Fv2%2Fmedia&parent=14858"}],"wp:term":[{"taxonomy":"category","embeddable":true,"href":"https:\/\/clustermultimedios.online\/index.php?rest_route=%2Fwp%2Fv2%2Fcategories&post=14858"},{"taxonomy":"post_tag","embeddable":true,"href":"https:\/\/clustermultimedios.online\/index.php?rest_route=%2Fwp%2Fv2%2Ftags&post=14858"}],"curies":[{"name":"wp","href":"https:\/\/api.w.org\/{rel}","templated":true}]}}