{"id":14936,"date":"2023-11-27T22:42:00","date_gmt":"2023-11-28T01:42:00","guid":{"rendered":"https:\/\/clustermultimedios.online\/?p=14936"},"modified":"2023-11-27T22:42:00","modified_gmt":"2023-11-28T01:42:00","slug":"kicillof-convoco-a-los-intendentes-electos-a-trabajar-para-dar-respuestas","status":"publish","type":"post","link":"https:\/\/clustermultimedios.online\/?p=14936","title":{"rendered":"Kicillof convoc\u00f3 a los intendentes electos a &#8220;trabajar para dar respuestas&#8221;"},"content":{"rendered":"<p>Durante el encuentro, el mandatario\u00a0se refiri\u00f3 al &#8220;bajo impacto&#8221; presupuestario del empleo p\u00fablico en la provincia\u00a0y, en ese sentido, detall\u00f3 que de los 24 distritos del pa\u00eds, Buenos Aires es el segundo con &#8220;menor cantidad de trabajadores estatales en relaci\u00f3n a su poblaci\u00f3n&#8221;.<\/p>","protected":false},"excerpt":{"rendered":"<p>Durante el encuentro, el mandatario\u00a0se refiri\u00f3 al &#8220;bajo impacto&#8221; presupuestario del empleo p\u00fablico en la&#8230;<\/p>\n","protected":false},"author":0,"featured_media":14937,"comment_status":"open","ping_status":"open","sticky":false,"template":"","format":"standard","meta":{"_monsterinsights_skip_tracking":false,"_monsterinsights_sitenote_active":false,"_monsterinsights_sitenote_note":"","_monsterinsights_sitenote_category":0,"footnotes":""},"categories":[1],"tags":[],"class_list":["post-14936","post","type-post","status-publish","format-standard","has-post-thumbnail","hentry","category-blog"],"_links":{"self":[{"href":"https:\/\/clustermultimedios.online\/index.php?rest_route=\/wp\/v2\/posts\/14936","targetHints":{"allow":["GET"]}}],"collection":[{"href":"https:\/\/clustermultimedios.online\/index.php?rest_route=\/wp\/v2\/posts"}],"about":[{"href":"https:\/\/clustermultimedios.online\/index.php?rest_route=\/wp\/v2\/types\/post"}],"replies":[{"embeddable":true,"href":"https:\/\/clustermultimedios.online\/index.php?rest_route=%2Fwp%2Fv2%2Fcomments&post=14936"}],"version-history":[{"count":0,"href":"https:\/\/clustermultimedios.online\/index.php?rest_route=\/wp\/v2\/posts\/14936\/revisions"}],"wp:featuredmedia":[{"embeddable":true,"href":"https:\/\/clustermultimedios.online\/index.php?rest_route=\/wp\/v2\/media\/14937"}],"wp:attachment":[{"href":"https:\/\/clustermultimedios.online\/index.php?rest_route=%2Fwp%2Fv2%2Fmedia&parent=14936"}],"wp:term":[{"taxonomy":"category","embeddable":true,"href":"https:\/\/clustermultimedios.online\/index.php?rest_route=%2Fwp%2Fv2%2Fcategories&post=14936"},{"taxonomy":"post_tag","embeddable":true,"href":"https:\/\/clustermultimedios.online\/index.php?rest_route=%2Fwp%2Fv2%2Ftags&post=14936"}],"curies":[{"name":"wp","href":"https:\/\/api.w.org\/{rel}","templated":true}]}}