{"id":14991,"date":"2023-11-28T10:05:00","date_gmt":"2023-11-28T13:05:00","guid":{"rendered":"https:\/\/clustermultimedios.online\/?p=14991"},"modified":"2023-11-28T10:05:00","modified_gmt":"2023-11-28T13:05:00","slug":"de-pedro-recibe-a-guillermo-francos-para-iniciar-la-transicion-del-ministerio-de-interior","status":"publish","type":"post","link":"https:\/\/clustermultimedios.online\/?p=14991","title":{"rendered":"De Pedro recibe a Guillermo Francos para iniciar la transici\u00f3n del Ministerio de Interior"},"content":{"rendered":"<p>La reuni\u00f3n se realizar\u00e1 en el despacho que De Pedro tiene en Casa Rosada en el marco de la transici\u00f3n entre el gobierno del presidente Alberto Fern\u00e1ndez y el que encabezar\u00e1 el mandatario electo Javier Milei desde el 10 de diciembre pr\u00f3ximo.<\/p>","protected":false},"excerpt":{"rendered":"<p>La reuni\u00f3n se realizar\u00e1 en el despacho que De Pedro tiene en Casa Rosada en&#8230;<\/p>\n","protected":false},"author":0,"featured_media":14992,"comment_status":"open","ping_status":"open","sticky":false,"template":"","format":"standard","meta":{"_monsterinsights_skip_tracking":false,"_monsterinsights_sitenote_active":false,"_monsterinsights_sitenote_note":"","_monsterinsights_sitenote_category":0,"footnotes":""},"categories":[1],"tags":[],"class_list":["post-14991","post","type-post","status-publish","format-standard","has-post-thumbnail","hentry","category-blog"],"_links":{"self":[{"href":"https:\/\/clustermultimedios.online\/index.php?rest_route=\/wp\/v2\/posts\/14991","targetHints":{"allow":["GET"]}}],"collection":[{"href":"https:\/\/clustermultimedios.online\/index.php?rest_route=\/wp\/v2\/posts"}],"about":[{"href":"https:\/\/clustermultimedios.online\/index.php?rest_route=\/wp\/v2\/types\/post"}],"replies":[{"embeddable":true,"href":"https:\/\/clustermultimedios.online\/index.php?rest_route=%2Fwp%2Fv2%2Fcomments&post=14991"}],"version-history":[{"count":0,"href":"https:\/\/clustermultimedios.online\/index.php?rest_route=\/wp\/v2\/posts\/14991\/revisions"}],"wp:featuredmedia":[{"embeddable":true,"href":"https:\/\/clustermultimedios.online\/index.php?rest_route=\/wp\/v2\/media\/14992"}],"wp:attachment":[{"href":"https:\/\/clustermultimedios.online\/index.php?rest_route=%2Fwp%2Fv2%2Fmedia&parent=14991"}],"wp:term":[{"taxonomy":"category","embeddable":true,"href":"https:\/\/clustermultimedios.online\/index.php?rest_route=%2Fwp%2Fv2%2Fcategories&post=14991"},{"taxonomy":"post_tag","embeddable":true,"href":"https:\/\/clustermultimedios.online\/index.php?rest_route=%2Fwp%2Fv2%2Ftags&post=14991"}],"curies":[{"name":"wp","href":"https:\/\/api.w.org\/{rel}","templated":true}]}}