{"id":15118,"date":"2023-11-28T19:46:00","date_gmt":"2023-11-28T22:46:00","guid":{"rendered":"https:\/\/clustermultimedios.online\/?p=15118"},"modified":"2023-11-28T19:46:00","modified_gmt":"2023-11-28T22:46:00","slug":"el-futuro-ministro-del-interior-de-milei-se-sumo-a-la-reunion-de-los-gobernadores-de-uxp","status":"publish","type":"post","link":"https:\/\/clustermultimedios.online\/?p=15118","title":{"rendered":"El futuro ministro del Interior de Milei se sum\u00f3 a la reuni\u00f3n de los gobernadores de UxP"},"content":{"rendered":"<p>Guillermo Francos particip\u00f3 del encuentro en la sede porte\u00f1a del Banco Provincia, donde concurrieron los jefes provinciales del PJ -nueve gobernadores m\u00e1s dos de espacios aliados-.\u00a0Que el lugar elegido sea la filial del Bapro le otorga protagonismo a Kicillof, uno de los posibles referentes de la oposici\u00f3n para el ciclo pol\u00edtico que se avecina.<\/p>","protected":false},"excerpt":{"rendered":"<p>Guillermo Francos particip\u00f3 del encuentro en la sede porte\u00f1a del Banco Provincia, donde concurrieron los&#8230;<\/p>\n","protected":false},"author":0,"featured_media":15119,"comment_status":"open","ping_status":"open","sticky":false,"template":"","format":"standard","meta":{"_monsterinsights_skip_tracking":false,"_monsterinsights_sitenote_active":false,"_monsterinsights_sitenote_note":"","_monsterinsights_sitenote_category":0,"footnotes":""},"categories":[1],"tags":[],"class_list":["post-15118","post","type-post","status-publish","format-standard","has-post-thumbnail","hentry","category-blog"],"_links":{"self":[{"href":"https:\/\/clustermultimedios.online\/index.php?rest_route=\/wp\/v2\/posts\/15118","targetHints":{"allow":["GET"]}}],"collection":[{"href":"https:\/\/clustermultimedios.online\/index.php?rest_route=\/wp\/v2\/posts"}],"about":[{"href":"https:\/\/clustermultimedios.online\/index.php?rest_route=\/wp\/v2\/types\/post"}],"replies":[{"embeddable":true,"href":"https:\/\/clustermultimedios.online\/index.php?rest_route=%2Fwp%2Fv2%2Fcomments&post=15118"}],"version-history":[{"count":0,"href":"https:\/\/clustermultimedios.online\/index.php?rest_route=\/wp\/v2\/posts\/15118\/revisions"}],"wp:featuredmedia":[{"embeddable":true,"href":"https:\/\/clustermultimedios.online\/index.php?rest_route=\/wp\/v2\/media\/15119"}],"wp:attachment":[{"href":"https:\/\/clustermultimedios.online\/index.php?rest_route=%2Fwp%2Fv2%2Fmedia&parent=15118"}],"wp:term":[{"taxonomy":"category","embeddable":true,"href":"https:\/\/clustermultimedios.online\/index.php?rest_route=%2Fwp%2Fv2%2Fcategories&post=15118"},{"taxonomy":"post_tag","embeddable":true,"href":"https:\/\/clustermultimedios.online\/index.php?rest_route=%2Fwp%2Fv2%2Ftags&post=15118"}],"curies":[{"name":"wp","href":"https:\/\/api.w.org\/{rel}","templated":true}]}}