{"id":32313,"date":"2024-04-23T19:50:41","date_gmt":"2024-04-23T22:50:41","guid":{"rendered":"https:\/\/clustermultimedios.online\/?p=32313"},"modified":"2024-04-23T19:50:41","modified_gmt":"2024-04-23T22:50:41","slug":"comenzo-la-marcha-federal-universitaria-hacia-el-monumento-a-san-martin","status":"publish","type":"post","link":"https:\/\/clustermultimedios.online\/?p=32313","title":{"rendered":"Comenz\u00f3 la marcha federal universitaria hacia el monumento a San Mart\u00edn"},"content":{"rendered":"<p>Comenz\u00f3 la marcha federal universitaria hacia el monumento a San Mart\u00edn\u00a0<\/p>","protected":false},"excerpt":{"rendered":"<p>Comenz\u00f3 la marcha federal universitaria hacia el monumento a San Mart\u00edn\u00a0<\/p>\n","protected":false},"author":0,"featured_media":32314,"comment_status":"open","ping_status":"open","sticky":false,"template":"","format":"standard","meta":{"_monsterinsights_skip_tracking":false,"_monsterinsights_sitenote_active":false,"_monsterinsights_sitenote_note":"","_monsterinsights_sitenote_category":0,"footnotes":""},"categories":[1],"tags":[],"class_list":["post-32313","post","type-post","status-publish","format-standard","has-post-thumbnail","hentry","category-blog"],"_links":{"self":[{"href":"https:\/\/clustermultimedios.online\/index.php?rest_route=\/wp\/v2\/posts\/32313","targetHints":{"allow":["GET"]}}],"collection":[{"href":"https:\/\/clustermultimedios.online\/index.php?rest_route=\/wp\/v2\/posts"}],"about":[{"href":"https:\/\/clustermultimedios.online\/index.php?rest_route=\/wp\/v2\/types\/post"}],"replies":[{"embeddable":true,"href":"https:\/\/clustermultimedios.online\/index.php?rest_route=%2Fwp%2Fv2%2Fcomments&post=32313"}],"version-history":[{"count":0,"href":"https:\/\/clustermultimedios.online\/index.php?rest_route=\/wp\/v2\/posts\/32313\/revisions"}],"wp:featuredmedia":[{"embeddable":true,"href":"https:\/\/clustermultimedios.online\/index.php?rest_route=\/wp\/v2\/media\/32314"}],"wp:attachment":[{"href":"https:\/\/clustermultimedios.online\/index.php?rest_route=%2Fwp%2Fv2%2Fmedia&parent=32313"}],"wp:term":[{"taxonomy":"category","embeddable":true,"href":"https:\/\/clustermultimedios.online\/index.php?rest_route=%2Fwp%2Fv2%2Fcategories&post=32313"},{"taxonomy":"post_tag","embeddable":true,"href":"https:\/\/clustermultimedios.online\/index.php?rest_route=%2Fwp%2Fv2%2Ftags&post=32313"}],"curies":[{"name":"wp","href":"https:\/\/api.w.org\/{rel}","templated":true}]}}