{"id":34054,"date":"2024-07-03T19:10:34","date_gmt":"2024-07-03T22:10:34","guid":{"rendered":"https:\/\/clustermultimedios.online\/?p=34054"},"modified":"2024-07-03T19:10:34","modified_gmt":"2024-07-03T22:10:34","slug":"el-abogado-matias-cestona-asumio-en-la-delegacion-local-del-ministerio-de-trabajo","status":"publish","type":"post","link":"https:\/\/clustermultimedios.online\/?p=34054","title":{"rendered":"El abogado Mat\u00edas Cestona asumi\u00f3 en la delegaci\u00f3n local del Ministerio de Trabajo"},"content":{"rendered":"<p>[[{&#8220;value&#8221;:&#8221;<\/p>\n<p>                    &#8220;}]]\u00a0<\/p>","protected":false},"excerpt":{"rendered":"<p>[[{&#8220;value&#8221;:&#8221; &#8220;}]]\u00a0<\/p>\n","protected":false},"author":0,"featured_media":34055,"comment_status":"open","ping_status":"open","sticky":false,"template":"","format":"standard","meta":{"_monsterinsights_skip_tracking":false,"_monsterinsights_sitenote_active":false,"_monsterinsights_sitenote_note":"","_monsterinsights_sitenote_category":0,"footnotes":""},"categories":[1],"tags":[],"class_list":["post-34054","post","type-post","status-publish","format-standard","has-post-thumbnail","hentry","category-blog"],"_links":{"self":[{"href":"https:\/\/clustermultimedios.online\/index.php?rest_route=\/wp\/v2\/posts\/34054","targetHints":{"allow":["GET"]}}],"collection":[{"href":"https:\/\/clustermultimedios.online\/index.php?rest_route=\/wp\/v2\/posts"}],"about":[{"href":"https:\/\/clustermultimedios.online\/index.php?rest_route=\/wp\/v2\/types\/post"}],"replies":[{"embeddable":true,"href":"https:\/\/clustermultimedios.online\/index.php?rest_route=%2Fwp%2Fv2%2Fcomments&post=34054"}],"version-history":[{"count":0,"href":"https:\/\/clustermultimedios.online\/index.php?rest_route=\/wp\/v2\/posts\/34054\/revisions"}],"wp:featuredmedia":[{"embeddable":true,"href":"https:\/\/clustermultimedios.online\/index.php?rest_route=\/wp\/v2\/media\/34055"}],"wp:attachment":[{"href":"https:\/\/clustermultimedios.online\/index.php?rest_route=%2Fwp%2Fv2%2Fmedia&parent=34054"}],"wp:term":[{"taxonomy":"category","embeddable":true,"href":"https:\/\/clustermultimedios.online\/index.php?rest_route=%2Fwp%2Fv2%2Fcategories&post=34054"},{"taxonomy":"post_tag","embeddable":true,"href":"https:\/\/clustermultimedios.online\/index.php?rest_route=%2Fwp%2Fv2%2Ftags&post=34054"}],"curies":[{"name":"wp","href":"https:\/\/api.w.org\/{rel}","templated":true}]}}