{"id":35551,"date":"2024-09-04T16:50:23","date_gmt":"2024-09-04T19:50:23","guid":{"rendered":"https:\/\/clustermultimedios.online\/?p=35551"},"modified":"2024-09-04T16:50:23","modified_gmt":"2024-09-04T19:50:23","slug":"montenegro-afirmo-que-la-concesion-del-minella-generara-un-cambio-en-la-ciudad","status":"publish","type":"post","link":"https:\/\/clustermultimedios.online\/?p=35551","title":{"rendered":"Montenegro afirm\u00f3 que la concesi\u00f3n del Minella generar\u00e1 &#8220;un cambio en la ciudad&#8221;"},"content":{"rendered":"<p>[[{&#8220;value&#8221;:&#8221;<\/p>\n<p>                    &#8220;}]]\u00a0<\/p>","protected":false},"excerpt":{"rendered":"<p>[[{&#8220;value&#8221;:&#8221; &#8220;}]]\u00a0<\/p>\n","protected":false},"author":0,"featured_media":35552,"comment_status":"open","ping_status":"open","sticky":false,"template":"","format":"standard","meta":{"_monsterinsights_skip_tracking":false,"_monsterinsights_sitenote_active":false,"_monsterinsights_sitenote_note":"","_monsterinsights_sitenote_category":0,"footnotes":""},"categories":[1],"tags":[],"class_list":["post-35551","post","type-post","status-publish","format-standard","has-post-thumbnail","hentry","category-blog"],"_links":{"self":[{"href":"https:\/\/clustermultimedios.online\/index.php?rest_route=\/wp\/v2\/posts\/35551","targetHints":{"allow":["GET"]}}],"collection":[{"href":"https:\/\/clustermultimedios.online\/index.php?rest_route=\/wp\/v2\/posts"}],"about":[{"href":"https:\/\/clustermultimedios.online\/index.php?rest_route=\/wp\/v2\/types\/post"}],"replies":[{"embeddable":true,"href":"https:\/\/clustermultimedios.online\/index.php?rest_route=%2Fwp%2Fv2%2Fcomments&post=35551"}],"version-history":[{"count":0,"href":"https:\/\/clustermultimedios.online\/index.php?rest_route=\/wp\/v2\/posts\/35551\/revisions"}],"wp:featuredmedia":[{"embeddable":true,"href":"https:\/\/clustermultimedios.online\/index.php?rest_route=\/wp\/v2\/media\/35552"}],"wp:attachment":[{"href":"https:\/\/clustermultimedios.online\/index.php?rest_route=%2Fwp%2Fv2%2Fmedia&parent=35551"}],"wp:term":[{"taxonomy":"category","embeddable":true,"href":"https:\/\/clustermultimedios.online\/index.php?rest_route=%2Fwp%2Fv2%2Fcategories&post=35551"},{"taxonomy":"post_tag","embeddable":true,"href":"https:\/\/clustermultimedios.online\/index.php?rest_route=%2Fwp%2Fv2%2Ftags&post=35551"}],"curies":[{"name":"wp","href":"https:\/\/api.w.org\/{rel}","templated":true}]}}